{"id":13331,"date":"2025-02-27T14:18:26","date_gmt":"2025-02-27T13:18:26","guid":{"rendered":"https:\/\/bcsilly.be\/?p=13331"},"modified":"2025-07-21T13:24:29","modified_gmt":"2025-07-21T11:24:29","slug":"les-coachs-mini-basket-pour-2025-2026-sont-connus","status":"publish","type":"post","link":"https:\/\/bcsilly.be\/index.php\/2025\/02\/27\/les-coachs-mini-basket-pour-2025-2026-sont-connus\/","title":{"rendered":"Qui seront les coachs pour la saison 2025-2026 ?"},"content":{"rendered":"<p><strong>Nos coachs mini-basket et maxi-basket pour la prochaine saison sont connus et sont pr\u00eats \u00e0 former les (futurs) champions du B.C. Silly !\u00a0<\/strong><\/p>\n<h3><strong>U6-U7-U8 (ann\u00e9es 2018-2019-2020)<\/strong><\/h3>\n<p><strong><img loading=\"lazy\" decoding=\"async\" class=\"alignnone wp-image-8230 size-thumbnail\" src=\"http:\/\/bcsilly.be\/wp-content\/uploads\/2023\/04\/COACH_0013-150x150.jpg\" alt=\"\" width=\"150\" height=\"150\" srcset=\"https:\/\/bcsilly.be\/wp-content\/uploads\/2023\/04\/COACH_0013-150x150.jpg 150w, https:\/\/bcsilly.be\/wp-content\/uploads\/2023\/04\/COACH_0013-300x300.jpg 300w, https:\/\/bcsilly.be\/wp-content\/uploads\/2023\/04\/COACH_0013-32x32.jpg 32w, https:\/\/bcsilly.be\/wp-content\/uploads\/2023\/04\/COACH_0013-scaled.jpg 1600w\" sizes=\"auto, (max-width: 150px) 100vw, 150px\" \/> <img loading=\"lazy\" decoding=\"async\" class=\"alignnone wp-image-8247 size-thumbnail\" src=\"http:\/\/bcsilly.be\/wp-content\/uploads\/2022\/08\/U16F_0036-150x150.jpg\" alt=\"\" width=\"150\" height=\"150\" srcset=\"https:\/\/bcsilly.be\/wp-content\/uploads\/2022\/08\/U16F_0036-150x150.jpg 150w, https:\/\/bcsilly.be\/wp-content\/uploads\/2022\/08\/U16F_0036-300x300.jpg 300w, https:\/\/bcsilly.be\/wp-content\/uploads\/2022\/08\/U16F_0036-32x32.jpg 32w, https:\/\/bcsilly.be\/wp-content\/uploads\/2022\/08\/U16F_0036.jpg 1024w\" sizes=\"auto, (max-width: 150px) 100vw, 150px\" \/> <\/strong><\/p>\n<p><strong>Emma Ferretti<\/strong> et <strong>Clara Brogniet<\/strong> ont d\u00e9cid\u00e9 de rempiler pour continuer de faire progresser nos joueurs de demain ! Si, comme cette saison, le nombre de joueurs devient trop important, l\u2019\u00e9quipe sera divis\u00e9e en deux groupes.<\/p>\n<h3><strong>U10 <\/strong><strong>(ann\u00e9es 2016-2017)<\/strong><\/h3>\n<p><img loading=\"lazy\" decoding=\"async\" class=\"wp-image-12288 size-thumbnail alignnone\" src=\"http:\/\/bcsilly.be\/wp-content\/uploads\/2024\/09\/COACH-U10-De-Smet-Sebastien_carre-150x150.jpg\" alt=\"\" width=\"150\" height=\"150\" srcset=\"https:\/\/bcsilly.be\/wp-content\/uploads\/2024\/09\/COACH-U10-De-Smet-Sebastien_carre-150x150.jpg 150w, https:\/\/bcsilly.be\/wp-content\/uploads\/2024\/09\/COACH-U10-De-Smet-Sebastien_carre-300x300.jpg 300w, https:\/\/bcsilly.be\/wp-content\/uploads\/2024\/09\/COACH-U10-De-Smet-Sebastien_carre-32x32.jpg 32w, https:\/\/bcsilly.be\/wp-content\/uploads\/2024\/09\/COACH-U10-De-Smet-Sebastien_carre.jpg 688w\" sizes=\"auto, (max-width: 150px) 100vw, 150px\" \/><\/p>\n<p>En U10, notre coach <strong>S\u00e9bastien De Smet<\/strong> a \u00e9galement d\u00e9cid\u00e9 de poursuivre l\u2019aventure avec enthousiasme ! Et il place la barre haut pour ses petits champions.<\/p>\n<h3><strong>U12 <\/strong><strong>(ann\u00e9es 2014-2015)<\/strong><\/h3>\n<p><img loading=\"lazy\" decoding=\"async\" class=\"alignnone wp-image-8234 size-thumbnail\" src=\"http:\/\/bcsilly.be\/wp-content\/uploads\/2023\/04\/U16_0171-150x150.jpg\" alt=\"\" width=\"150\" height=\"150\" srcset=\"https:\/\/bcsilly.be\/wp-content\/uploads\/2023\/04\/U16_0171-150x150.jpg 150w, https:\/\/bcsilly.be\/wp-content\/uploads\/2023\/04\/U16_0171-300x300.jpg 300w, https:\/\/bcsilly.be\/wp-content\/uploads\/2023\/04\/U16_0171-32x32.jpg 32w, https:\/\/bcsilly.be\/wp-content\/uploads\/2023\/04\/U16_0171-scaled.jpg 1600w\" sizes=\"auto, (max-width: 150px) 100vw, 150px\" \/> <img loading=\"lazy\" decoding=\"async\" class=\"alignnone wp-image-9989 size-thumbnail\" src=\"http:\/\/bcsilly.be\/wp-content\/uploads\/2023\/10\/U16H_Caille-Benjamin-150x150.jpg\" alt=\"\" width=\"150\" height=\"150\" srcset=\"https:\/\/bcsilly.be\/wp-content\/uploads\/2023\/10\/U16H_Caille-Benjamin-150x150.jpg 150w, https:\/\/bcsilly.be\/wp-content\/uploads\/2023\/10\/U16H_Caille-Benjamin-300x300.jpg 300w, https:\/\/bcsilly.be\/wp-content\/uploads\/2023\/10\/U16H_Caille-Benjamin-32x32.jpg 32w, https:\/\/bcsilly.be\/wp-content\/uploads\/2023\/10\/U16H_Caille-Benjamin.jpg 2048w\" sizes=\"auto, (max-width: 150px) 100vw, 150px\" \/><\/p>\n<p>Fort de son exp\u00e9rience en U10 puis en U12, <strong>Laurent Caille<\/strong> est pr\u00eat \u00e0 relever le challenge de continuer la formation de nos jeunes joueurs. Et il sera assist\u00e9 par son fils <strong>Benjamin<\/strong> dans cette t\u00e2che. Si le nombre de joueurs le permet, cette \u00e9quipe mixte a pour objectif \u00e0 court terme d\u2019\u00e9voluer vers la cr\u00e9ation d\u2019une U12 filles et d\u2019une U12 gar\u00e7ons \u00e0 part enti\u00e8re.<\/p>\n<h3><strong>U16-U18H <\/strong><strong>(ann\u00e9es 2008 \u00e0 2011) &amp; P4H (&gt; 2005)<\/strong><\/h3>\n<p><img loading=\"lazy\" decoding=\"async\" class=\"alignnone wp-image-10117 size-thumbnail\" src=\"http:\/\/bcsilly.be\/wp-content\/uploads\/2023\/10\/COACH-P4H_Vanden-Berghe-Kevin-150x150.jpg\" alt=\"\" width=\"150\" height=\"150\" srcset=\"https:\/\/bcsilly.be\/wp-content\/uploads\/2023\/10\/COACH-P4H_Vanden-Berghe-Kevin-150x150.jpg 150w, https:\/\/bcsilly.be\/wp-content\/uploads\/2023\/10\/COACH-P4H_Vanden-Berghe-Kevin-300x300.jpg 300w, https:\/\/bcsilly.be\/wp-content\/uploads\/2023\/10\/COACH-P4H_Vanden-Berghe-Kevin-32x32.jpg 32w, https:\/\/bcsilly.be\/wp-content\/uploads\/2023\/10\/COACH-P4H_Vanden-Berghe-Kevin.jpg 2048w\" sizes=\"auto, (max-width: 150px) 100vw, 150px\" \/><\/p>\n<p>C\u2019est ensemble que nos U16 et nos U18 gar\u00e7ons affronteront la saison 2025-2026. Ils retrouveront le coach <strong>Kevin Vanden Berghe<\/strong>\u00a0qui<br \/>\ncontinuera \u00e0 les faire \u00e9voluer, au niveau de leur formation et dans le championnat !<\/p>\n<p>Pour nos P4 \u00e9galement, <strong>Kevin<\/strong> restera \u00e0 la barre, mais sera accompagn\u00e9 la saison prochaine de S\u00e9bastien Blanco-Miguez et de Beno\u00eet Rosier. Ce trio de choc se relaiera pour assurer le coaching \u00e0 tour de r\u00f4le et mener l\u2019\u00e9quipe le plus loin possible.<\/p>\n<h3><strong>U21H <\/strong><strong>(ann\u00e9es 2005-2006-2007)<\/strong><\/h3>\n<p><img loading=\"lazy\" decoding=\"async\" class=\"alignnone wp-image-8235 size-thumbnail\" src=\"http:\/\/bcsilly.be\/wp-content\/uploads\/2023\/04\/U18_0201-150x150.jpg\" alt=\"\" width=\"150\" height=\"150\" srcset=\"https:\/\/bcsilly.be\/wp-content\/uploads\/2023\/04\/U18_0201-150x150.jpg 150w, https:\/\/bcsilly.be\/wp-content\/uploads\/2023\/04\/U18_0201-300x300.jpg 300w, https:\/\/bcsilly.be\/wp-content\/uploads\/2023\/04\/U18_0201-32x32.jpg 32w, https:\/\/bcsilly.be\/wp-content\/uploads\/2023\/04\/U18_0201-scaled.jpg 1600w\" sizes=\"auto, (max-width: 150px) 100vw, 150px\" \/><\/p>\n<p><strong>David Ducarmois<\/strong> signe son retour au B.C. Silly. Apr\u00e8s une ann\u00e9e de pause, il reprendra avec enthousiasme le coaching de nos U21 qu\u2019il conna\u00eet bien. Son objectif ? Continuer \u00e0 faire \u00e9voluer ces joueurs qui avaient d\u00e9j\u00e0 fait de beaux r\u00e9sultats en U18.<\/p>\n","protected":false},"excerpt":{"rendered":"<p>Nos coachs mini-basket et maxi-basket pour la prochaine saison sont connus et sont pr\u00eats \u00e0 former les (futurs) champions du B.C. Silly !\u00a0 U6-U7-U8 (ann\u00e9es 2018-2019-2020) Emma Ferretti et Clara Brogniet ont d\u00e9cid\u00e9 de rempiler pour continuer de faire progresser nos joueurs de demain ! Si, comme cette saison, le nombre de joueurs devient trop [&hellip;]<\/p>\n","protected":false},"author":2,"featured_media":6620,"comment_status":"closed","ping_status":"closed","sticky":false,"template":"","format":"standard","meta":{"_monsterinsights_skip_tracking":false,"_monsterinsights_sitenote_active":false,"_monsterinsights_sitenote_note":"","_monsterinsights_sitenote_category":0,"iawp_total_views":1,"footnotes":""},"categories":[107,1],"tags":[],"class_list":["post-13331","post","type-post","status-publish","format-standard","has-post-thumbnail","hentry","category-communiques","category-non-classe"],"aioseo_notices":[],"jetpack_featured_media_url":"https:\/\/bcsilly.be\/wp-content\/uploads\/2022\/03\/Super-coach-scaled.jpg","amp_enabled":true,"_links":{"self":[{"href":"https:\/\/bcsilly.be\/index.php\/wp-json\/wp\/v2\/posts\/13331","targetHints":{"allow":["GET"]}}],"collection":[{"href":"https:\/\/bcsilly.be\/index.php\/wp-json\/wp\/v2\/posts"}],"about":[{"href":"https:\/\/bcsilly.be\/index.php\/wp-json\/wp\/v2\/types\/post"}],"author":[{"embeddable":true,"href":"https:\/\/bcsilly.be\/index.php\/wp-json\/wp\/v2\/users\/2"}],"replies":[{"embeddable":true,"href":"https:\/\/bcsilly.be\/index.php\/wp-json\/wp\/v2\/comments?post=13331"}],"version-history":[{"count":12,"href":"https:\/\/bcsilly.be\/index.php\/wp-json\/wp\/v2\/posts\/13331\/revisions"}],"predecessor-version":[{"id":13394,"href":"https:\/\/bcsilly.be\/index.php\/wp-json\/wp\/v2\/posts\/13331\/revisions\/13394"}],"wp:featuredmedia":[{"embeddable":true,"href":"https:\/\/bcsilly.be\/index.php\/wp-json\/wp\/v2\/media\/6620"}],"wp:attachment":[{"href":"https:\/\/bcsilly.be\/index.php\/wp-json\/wp\/v2\/media?parent=13331"}],"wp:term":[{"taxonomy":"category","embeddable":true,"href":"https:\/\/bcsilly.be\/index.php\/wp-json\/wp\/v2\/categories?post=13331"},{"taxonomy":"post_tag","embeddable":true,"href":"https:\/\/bcsilly.be\/index.php\/wp-json\/wp\/v2\/tags?post=13331"}],"curies":[{"name":"wp","href":"https:\/\/api.w.org\/{rel}","templated":true}]}}